{"id":4906,"date":"2023-06-27T09:25:56","date_gmt":"2023-06-27T13:25:56","guid":{"rendered":"https:\/\/mishawaka.in.gov\/?p=4906"},"modified":"2024-11-12T10:03:15","modified_gmt":"2024-11-12T15:03:15","slug":"calidad-del-aire-accion-dia-hoy-junio-27-2","status":"publish","type":"post","link":"https:\/\/mishawaka.in.gov\/es\/noticias\/calidad-del-aire-accion-dia-hoy-junio-27-2\/","title":{"rendered":"D\u00eda de Acci\u00f3n por la Calidad del Aire Hoy \u2013 27 de junio"},"content":{"rendered":"<p><img decoding=\"async\" class=\"alignnone size-medium wp-image-4588\" src=\"https:\/\/mishawaka.in.gov\/wp-content\/uploads\/2023\/06\/Air-Quality-Action-Day-300x66.png\" alt=\"\" width=\"300\" height=\"66\" srcset=\"https:\/\/mishawaka.in.gov\/wp-content\/uploads\/2023\/06\/Air-Quality-Action-Day-300x66.png 300w, https:\/\/mishawaka.in.gov\/wp-content\/uploads\/2023\/06\/Air-Quality-Action-Day-18x4.png 18w, https:\/\/mishawaka.in.gov\/wp-content\/uploads\/2023\/06\/Air-Quality-Action-Day.png 600w\" sizes=\"(max-width: 300px) 100vw, 300px\" \/><\/p>\n<p>El Departamento de Manejo Ambiental de Indiana (IDEM) ha declarado que <strong>hoy martes 27 de junio <\/strong>es un <strong>D\u00eda de Acci\u00f3n por la Calidad del Aire<\/strong> en nuestra regi\u00f3n por <strong>Part\u00edculas (PM 2.5)<\/strong>.<strong>\u00a0<\/strong><\/p>\n<p>Esto se debe en parte a los incendios forestales. Se puede encontrar m\u00e1s informaci\u00f3n en el <a href=\"https:\/\/r20.rs6.net\/tn.jsp?f=001qlIRXjlMxgs7jedgzT1qiizXEUmnquN4O1AZtK7rxUMcQPeut4J1k6xbykAkYNyIO2IJBr8XOLnRQUqVsr30jipi5-1zZQaCo_XnDl_R_h6Tmwp8YeTcLWJOfH0L8ZX7sB7P21uqenXUsoYmaTADuQ==&amp;c=C5M-OWnXqITEcsOF3cPeIxiJVZ1OrAjsr3qpevu99gjxFRwQiZoEtg==&amp;ch=rKXpQn6krKvqpGH0KgR_zR7r-FP6X8xj4KNHOBY-HbyNYVGFvU2eTQ==\" target=\"_blank\" rel=\"noopener\">Air Now Mapa de fuego y humo<\/a>. Visita IDEM <a href=\"https:\/\/r20.rs6.net\/tn.jsp?f=001qlIRXjlMxgs7jedgzT1qiizXEUmnquN4O1AZtK7rxUMcQPeut4J1k2aJUBmN6Av_KzAUfzwbrD50i7XaUZuekU2vkzoErv0OoDvMopVdhY_lESaHqQd5x1zYBHD15qa8LPzhL7rO8JRRifbFLiXfDooH4Gi4d9ykWbiYaoz1M9SkgXddvBOt1A==&amp;c=C5M-OWnXqITEcsOF3cPeIxiJVZ1OrAjsr3qpevu99gjxFRwQiZoEtg==&amp;ch=rKXpQn6krKvqpGH0KgR_zR7r-FP6X8xj4KNHOBY-HbyNYVGFvU2eTQ==\" target=\"_blank\" rel=\"noopener\">smogwatch<\/a> para m\u00e1s informaci\u00f3n.<\/p>\n<p><strong>Ozono <img fetchpriority=\"high\" decoding=\"async\" class=\"size-medium wp-image-4587 alignright\" src=\"https:\/\/mishawaka.in.gov\/wp-content\/uploads\/2023\/06\/AQI-Index-233x300.png\" alt=\"\" width=\"233\" height=\"300\" srcset=\"https:\/\/mishawaka.in.gov\/wp-content\/uploads\/2023\/06\/AQI-Index-233x300.png 233w, https:\/\/mishawaka.in.gov\/wp-content\/uploads\/2023\/06\/AQI-Index-9x12.png 9w, https:\/\/mishawaka.in.gov\/wp-content\/uploads\/2023\/06\/AQI-Index.png 621w\" sizes=\"(max-width: 233px) 100vw, 233px\" \/><\/strong><\/p>\n<p><strong>Moderado<\/strong><\/p>\n<p><strong>Part\u00edculas (PM 2.5) <\/strong><\/p>\n<p><strong>Insalubre para grupos sensibles<\/strong><\/p>\n<p>El patr\u00f3n clim\u00e1tico contin\u00faa moviendo el humo de los incendios forestales canadienses en todo el estado.<\/p>\n<p>Los grupos sensibles (personas con enfermedades respiratorias, adultos mayores y ni\u00f1os) deben reducir el esfuerzo prolongado al aire libre y verificar la calidad del aire esta semana.<\/p>\n<p>\u00a1Haz tu parte para ayudar a limpiar el aire tomando acci\u00f3n!<\/p>\n<ol>\n<li>Andar en bicicleta, caminar, compartir coche o tomar el autob\u00fas<\/li>\n<li>Realizar el mantenimiento peri\u00f3dico del veh\u00edculo.<\/li>\n<li>Ahorre combustible combinando viajes<\/li>\n<li>Reposta tu coche por la noche<\/li>\n<li>Reducir el tiempo de ralent\u00ed del motor<\/li>\n<\/ol>\n<p>&nbsp;<\/p>\n<p>Para obtener m\u00e1s informaci\u00f3n sobre las acciones que puede tomar, visite el\u00a0<a href=\"https:\/\/r20.rs6.net\/tn.jsp?f=001U3PknfuqRlq8-V7g4tTQf1u9mpyza4CKAhhU2GXvaf_RcLhOp9SnicDute5qirCq4qFSzuhsE0Af4goqEaebjqlQcTc7MSvM-js-GUie94GjErgNoSMbR6BZf4ToWvkClBwIluIyN0USxgekijONpA==&amp;c=61_niLM7XzsbL7m8MNiTg3qY69bfN--ge0phrc-E6Czh9OcjMYh3IQ==&amp;ch=4I3kN7tg9XRdea-XccnSo-VLFrV8CjQ0umd4J6w6EohV7j4h1Za8tw==\">Aire limpio Michiana<\/a>\u00a0sitio web. Si tiene preguntas, comun\u00edquese con MACOG al 574-287-1829 o\u00a0<a href=\"mailto:macogdir@macog.com\">macogdir@macog.com<\/a>.<\/p>\n<p><img decoding=\"async\" class=\"alignnone size-medium wp-image-4586\" src=\"https:\/\/mishawaka.in.gov\/wp-content\/uploads\/2023\/06\/It-All-Adds-Up-to-Cleaner-Air-300x58.png\" alt=\"\" width=\"300\" height=\"58\" srcset=\"https:\/\/mishawaka.in.gov\/wp-content\/uploads\/2023\/06\/It-All-Adds-Up-to-Cleaner-Air-300x58.png 300w, https:\/\/mishawaka.in.gov\/wp-content\/uploads\/2023\/06\/It-All-Adds-Up-to-Cleaner-Air-768x149.png 768w, https:\/\/mishawaka.in.gov\/wp-content\/uploads\/2023\/06\/It-All-Adds-Up-to-Cleaner-Air-18x3.png 18w, https:\/\/mishawaka.in.gov\/wp-content\/uploads\/2023\/06\/It-All-Adds-Up-to-Cleaner-Air.png 800w\" sizes=\"(max-width: 300px) 100vw, 300px\" \/><\/p>","protected":false},"excerpt":{"rendered":"<p>The Indiana Department of Environmental Management (IDEM) has declared that today Tuesday June 27th is an Air Quality Action Day in our region for Particulate Matter (PM 2.5).\u00a0 This is [&hellip;]<\/p>\n","protected":false},"author":9,"featured_media":4604,"comment_status":"closed","ping_status":"closed","sticky":false,"template":"","format":"standard","meta":{"_acf_changed":false,"_price":"","_stock":"","_tribe_ticket_header":"","_tribe_default_ticket_provider":"","_tribe_ticket_capacity":"0","_ticket_start_date":"","_ticket_end_date":"","_tribe_ticket_show_description":"","_tribe_ticket_show_not_going":false,"_tribe_ticket_use_global_stock":"","_tribe_ticket_global_stock_level":"","_global_stock_mode":"","_global_stock_cap":"","_tribe_rsvp_for_event":"","_tribe_ticket_going_count":"","_tribe_ticket_not_going_count":"","_tribe_tickets_list":"[]","_tribe_ticket_has_attendee_info_fields":false,"footnotes":""},"categories":[18],"tags":[112],"class_list":["post-4906","post","type-post","status-publish","format-standard","has-post-thumbnail","hentry","category-news","tag-air-quality-action-day"],"acf":[],"yoast_head":"<!-- This site is optimized with the Yoast SEO plugin v27.1.1 - https:\/\/yoast.com\/product\/yoast-seo-wordpress\/ -->\n<title>Air Quality Action Day Today - June 27th - City of Mishawaka<\/title>\n<meta name=\"description\" content=\"The Indiana Department of Environmental Management declared June 27th as an Air Quality Action Day for Particulate Matter. Learn more.\" \/>\n<meta name=\"robots\" content=\"index, follow, max-snippet:-1, max-image-preview:large, max-video-preview:-1\" \/>\n<link rel=\"canonical\" href=\"https:\/\/mishawaka.in.gov\/es\/noticias\/calidad-del-aire-accion-dia-hoy-junio-27-2\/\" \/>\n<meta property=\"og:locale\" content=\"es_ES\" \/>\n<meta property=\"og:type\" content=\"article\" \/>\n<meta property=\"og:title\" content=\"Air Quality Action Day Today - June 27th - City of Mishawaka\" \/>\n<meta property=\"og:description\" content=\"The Indiana Department of Environmental Management declared June 27th as an Air Quality Action Day for Particulate Matter. Learn more.\" \/>\n<meta property=\"og:url\" content=\"https:\/\/mishawaka.in.gov\/es\/noticias\/calidad-del-aire-accion-dia-hoy-junio-27-2\/\" \/>\n<meta property=\"og:site_name\" content=\"City of Mishawaka\" \/>\n<meta property=\"article:published_time\" content=\"2023-06-27T13:25:56+00:00\" \/>\n<meta property=\"article:modified_time\" content=\"2024-11-12T15:03:15+00:00\" \/>\n<meta property=\"og:image\" content=\"https:\/\/mishawaka.in.gov\/wp-content\/uploads\/2023\/06\/Partners-for-Clean-Air.jpg\" \/>\n\t<meta property=\"og:image:width\" content=\"700\" \/>\n\t<meta property=\"og:image:height\" content=\"350\" \/>\n\t<meta property=\"og:image:type\" content=\"image\/jpeg\" \/>\n<meta name=\"author\" content=\"Derek Spier\" \/>\n<meta name=\"twitter:card\" content=\"summary_large_image\" \/>\n<meta name=\"twitter:label1\" content=\"Escrito por\" \/>\n\t<meta name=\"twitter:data1\" content=\"Derek Spier\" \/>\n\t<meta name=\"twitter:label2\" content=\"Tiempo de lectura\" \/>\n\t<meta name=\"twitter:data2\" content=\"2 minutos\" \/>\n<script type=\"application\/ld+json\" class=\"yoast-schema-graph\">{\"@context\":\"https:\/\/schema.org\",\"@graph\":[{\"@type\":\"Article\",\"@id\":\"https:\/\/mishawaka.in.gov\/news\/air-quality-action-day-today-june-27th-2\/#article\",\"isPartOf\":{\"@id\":\"https:\/\/mishawaka.in.gov\/news\/air-quality-action-day-today-june-27th-2\/\"},\"author\":{\"name\":\"Derek Spier\",\"@id\":\"https:\/\/mishawaka.in.gov\/#\/schema\/person\/aadac943f4ec680067e76c6bcc2f842c\"},\"headline\":\"Air Quality Action Day Today &#8211; June 27th\",\"datePublished\":\"2023-06-27T13:25:56+00:00\",\"dateModified\":\"2024-11-12T15:03:15+00:00\",\"mainEntityOfPage\":{\"@id\":\"https:\/\/mishawaka.in.gov\/news\/air-quality-action-day-today-june-27th-2\/\"},\"wordCount\":170,\"publisher\":{\"@id\":\"https:\/\/mishawaka.in.gov\/#organization\"},\"image\":{\"@id\":\"https:\/\/mishawaka.in.gov\/news\/air-quality-action-day-today-june-27th-2\/#primaryimage\"},\"thumbnailUrl\":\"https:\/\/mishawaka.in.gov\/wp-content\/uploads\/2023\/06\/Partners-for-Clean-Air.jpg\",\"keywords\":[\"Air Quality Action Day\"],\"articleSection\":[\"News\"],\"inLanguage\":\"es\"},{\"@type\":\"WebPage\",\"@id\":\"https:\/\/mishawaka.in.gov\/news\/air-quality-action-day-today-june-27th-2\/\",\"url\":\"https:\/\/mishawaka.in.gov\/news\/air-quality-action-day-today-june-27th-2\/\",\"name\":\"Air Quality Action Day Today - June 27th - City of Mishawaka\",\"isPartOf\":{\"@id\":\"https:\/\/mishawaka.in.gov\/#website\"},\"primaryImageOfPage\":{\"@id\":\"https:\/\/mishawaka.in.gov\/news\/air-quality-action-day-today-june-27th-2\/#primaryimage\"},\"image\":{\"@id\":\"https:\/\/mishawaka.in.gov\/news\/air-quality-action-day-today-june-27th-2\/#primaryimage\"},\"thumbnailUrl\":\"https:\/\/mishawaka.in.gov\/wp-content\/uploads\/2023\/06\/Partners-for-Clean-Air.jpg\",\"datePublished\":\"2023-06-27T13:25:56+00:00\",\"dateModified\":\"2024-11-12T15:03:15+00:00\",\"description\":\"The Indiana Department of Environmental Management declared June 27th as an Air Quality Action Day for Particulate Matter. Learn more.\",\"breadcrumb\":{\"@id\":\"https:\/\/mishawaka.in.gov\/news\/air-quality-action-day-today-june-27th-2\/#breadcrumb\"},\"inLanguage\":\"es\",\"potentialAction\":[{\"@type\":\"ReadAction\",\"target\":[\"https:\/\/mishawaka.in.gov\/news\/air-quality-action-day-today-june-27th-2\/\"]}]},{\"@type\":\"ImageObject\",\"inLanguage\":\"es\",\"@id\":\"https:\/\/mishawaka.in.gov\/news\/air-quality-action-day-today-june-27th-2\/#primaryimage\",\"url\":\"https:\/\/mishawaka.in.gov\/wp-content\/uploads\/2023\/06\/Partners-for-Clean-Air.jpg\",\"contentUrl\":\"https:\/\/mishawaka.in.gov\/wp-content\/uploads\/2023\/06\/Partners-for-Clean-Air.jpg\",\"width\":700,\"height\":350,\"caption\":\"Partners for Clean Air.\"},{\"@type\":\"BreadcrumbList\",\"@id\":\"https:\/\/mishawaka.in.gov\/news\/air-quality-action-day-today-june-27th-2\/#breadcrumb\",\"itemListElement\":[{\"@type\":\"ListItem\",\"position\":1,\"name\":\"Home\",\"item\":\"https:\/\/mishawaka.in.gov\/\"},{\"@type\":\"ListItem\",\"position\":2,\"name\":\"Air Quality Action Day Today &#8211; June 27th\"}]},{\"@type\":\"WebSite\",\"@id\":\"https:\/\/mishawaka.in.gov\/#website\",\"url\":\"https:\/\/mishawaka.in.gov\/\",\"name\":\"City of Mishawaka\",\"description\":\"The Best Hometown in America\",\"publisher\":{\"@id\":\"https:\/\/mishawaka.in.gov\/#organization\"},\"potentialAction\":[{\"@type\":\"SearchAction\",\"target\":{\"@type\":\"EntryPoint\",\"urlTemplate\":\"https:\/\/mishawaka.in.gov\/?s={search_term_string}\"},\"query-input\":{\"@type\":\"PropertyValueSpecification\",\"valueRequired\":true,\"valueName\":\"search_term_string\"}}],\"inLanguage\":\"es\"},{\"@type\":\"Organization\",\"@id\":\"https:\/\/mishawaka.in.gov\/#organization\",\"name\":\"City of Mishawaka\",\"url\":\"https:\/\/mishawaka.in.gov\/\",\"logo\":{\"@type\":\"ImageObject\",\"inLanguage\":\"es\",\"@id\":\"https:\/\/mishawaka.in.gov\/#\/schema\/logo\/image\/\",\"url\":\"\",\"contentUrl\":\"\",\"caption\":\"City of Mishawaka\"},\"image\":{\"@id\":\"https:\/\/mishawaka.in.gov\/#\/schema\/logo\/image\/\"}},{\"@type\":\"Person\",\"@id\":\"https:\/\/mishawaka.in.gov\/#\/schema\/person\/aadac943f4ec680067e76c6bcc2f842c\",\"name\":\"Derek Spier\"}]}<\/script>\n<!-- \/ Yoast SEO plugin. -->","yoast_head_json":{"title":"D\u00eda de Acci\u00f3n por la Calidad del Aire Hoy - 27 de junio - Ciudad de Mishawaka","description":"El Departamento de Gesti\u00f3n Ambiental de Indiana declar\u00f3 el 27 de junio como D\u00eda de Acci\u00f3n por la Calidad del Aire en Materia de Part\u00edculas. Obtenga m\u00e1s informaci\u00f3n.","robots":{"index":"index","follow":"follow","max-snippet":"max-snippet:-1","max-image-preview":"max-image-preview:large","max-video-preview":"max-video-preview:-1"},"canonical":"https:\/\/mishawaka.in.gov\/es\/noticias\/calidad-del-aire-accion-dia-hoy-junio-27-2\/","og_locale":"es_ES","og_type":"article","og_title":"Air Quality Action Day Today - June 27th - City of Mishawaka","og_description":"The Indiana Department of Environmental Management declared June 27th as an Air Quality Action Day for Particulate Matter. Learn more.","og_url":"https:\/\/mishawaka.in.gov\/es\/noticias\/calidad-del-aire-accion-dia-hoy-junio-27-2\/","og_site_name":"City of Mishawaka","article_published_time":"2023-06-27T13:25:56+00:00","article_modified_time":"2024-11-12T15:03:15+00:00","og_image":[{"width":700,"height":350,"url":"https:\/\/mishawaka.in.gov\/wp-content\/uploads\/2023\/06\/Partners-for-Clean-Air.jpg","type":"image\/jpeg"}],"author":"Derek Spier","twitter_card":"summary_large_image","twitter_misc":{"Escrito por":"Derek Spier","Tiempo de lectura":"2 minutos"},"schema":{"@context":"https:\/\/schema.org","@graph":[{"@type":"Article","@id":"https:\/\/mishawaka.in.gov\/news\/air-quality-action-day-today-june-27th-2\/#article","isPartOf":{"@id":"https:\/\/mishawaka.in.gov\/news\/air-quality-action-day-today-june-27th-2\/"},"author":{"name":"Derek Spier","@id":"https:\/\/mishawaka.in.gov\/#\/schema\/person\/aadac943f4ec680067e76c6bcc2f842c"},"headline":"Air Quality Action Day Today &#8211; June 27th","datePublished":"2023-06-27T13:25:56+00:00","dateModified":"2024-11-12T15:03:15+00:00","mainEntityOfPage":{"@id":"https:\/\/mishawaka.in.gov\/news\/air-quality-action-day-today-june-27th-2\/"},"wordCount":170,"publisher":{"@id":"https:\/\/mishawaka.in.gov\/#organization"},"image":{"@id":"https:\/\/mishawaka.in.gov\/news\/air-quality-action-day-today-june-27th-2\/#primaryimage"},"thumbnailUrl":"https:\/\/mishawaka.in.gov\/wp-content\/uploads\/2023\/06\/Partners-for-Clean-Air.jpg","keywords":["Air Quality Action Day"],"articleSection":["News"],"inLanguage":"es"},{"@type":"WebPage","@id":"https:\/\/mishawaka.in.gov\/news\/air-quality-action-day-today-june-27th-2\/","url":"https:\/\/mishawaka.in.gov\/news\/air-quality-action-day-today-june-27th-2\/","name":"D\u00eda de Acci\u00f3n por la Calidad del Aire Hoy - 27 de junio - Ciudad de Mishawaka","isPartOf":{"@id":"https:\/\/mishawaka.in.gov\/#website"},"primaryImageOfPage":{"@id":"https:\/\/mishawaka.in.gov\/news\/air-quality-action-day-today-june-27th-2\/#primaryimage"},"image":{"@id":"https:\/\/mishawaka.in.gov\/news\/air-quality-action-day-today-june-27th-2\/#primaryimage"},"thumbnailUrl":"https:\/\/mishawaka.in.gov\/wp-content\/uploads\/2023\/06\/Partners-for-Clean-Air.jpg","datePublished":"2023-06-27T13:25:56+00:00","dateModified":"2024-11-12T15:03:15+00:00","description":"El Departamento de Gesti\u00f3n Ambiental de Indiana declar\u00f3 el 27 de junio como D\u00eda de Acci\u00f3n por la Calidad del Aire en Materia de Part\u00edculas. Obtenga m\u00e1s informaci\u00f3n.","breadcrumb":{"@id":"https:\/\/mishawaka.in.gov\/news\/air-quality-action-day-today-june-27th-2\/#breadcrumb"},"inLanguage":"es","potentialAction":[{"@type":"ReadAction","target":["https:\/\/mishawaka.in.gov\/news\/air-quality-action-day-today-june-27th-2\/"]}]},{"@type":"ImageObject","inLanguage":"es","@id":"https:\/\/mishawaka.in.gov\/news\/air-quality-action-day-today-june-27th-2\/#primaryimage","url":"https:\/\/mishawaka.in.gov\/wp-content\/uploads\/2023\/06\/Partners-for-Clean-Air.jpg","contentUrl":"https:\/\/mishawaka.in.gov\/wp-content\/uploads\/2023\/06\/Partners-for-Clean-Air.jpg","width":700,"height":350,"caption":"Partners for Clean Air."},{"@type":"BreadcrumbList","@id":"https:\/\/mishawaka.in.gov\/news\/air-quality-action-day-today-june-27th-2\/#breadcrumb","itemListElement":[{"@type":"ListItem","position":1,"name":"Home","item":"https:\/\/mishawaka.in.gov\/"},{"@type":"ListItem","position":2,"name":"Air Quality Action Day Today &#8211; June 27th"}]},{"@type":"WebSite","@id":"https:\/\/mishawaka.in.gov\/#website","url":"https:\/\/mishawaka.in.gov\/","name":"Ciudad de Mishawaka","description":"La mejor ciudad natal de Am\u00e9rica","publisher":{"@id":"https:\/\/mishawaka.in.gov\/#organization"},"potentialAction":[{"@type":"SearchAction","target":{"@type":"EntryPoint","urlTemplate":"https:\/\/mishawaka.in.gov\/?s={search_term_string}"},"query-input":{"@type":"PropertyValueSpecification","valueRequired":true,"valueName":"search_term_string"}}],"inLanguage":"es"},{"@type":"Organization","@id":"https:\/\/mishawaka.in.gov\/#organization","name":"Ciudad de Mishawaka","url":"https:\/\/mishawaka.in.gov\/","logo":{"@type":"ImageObject","inLanguage":"es","@id":"https:\/\/mishawaka.in.gov\/#\/schema\/logo\/image\/","url":"","contentUrl":"","caption":"City of Mishawaka"},"image":{"@id":"https:\/\/mishawaka.in.gov\/#\/schema\/logo\/image\/"}},{"@type":"Person","@id":"https:\/\/mishawaka.in.gov\/#\/schema\/person\/aadac943f4ec680067e76c6bcc2f842c","name":"Derek Spier"}]}},"_links":{"self":[{"href":"https:\/\/mishawaka.in.gov\/es\/wp-json\/wp\/v2\/posts\/4906","targetHints":{"allow":["GET"]}}],"collection":[{"href":"https:\/\/mishawaka.in.gov\/es\/wp-json\/wp\/v2\/posts"}],"about":[{"href":"https:\/\/mishawaka.in.gov\/es\/wp-json\/wp\/v2\/types\/post"}],"author":[{"embeddable":true,"href":"https:\/\/mishawaka.in.gov\/es\/wp-json\/wp\/v2\/users\/9"}],"replies":[{"embeddable":true,"href":"https:\/\/mishawaka.in.gov\/es\/wp-json\/wp\/v2\/comments?post=4906"}],"version-history":[{"count":0,"href":"https:\/\/mishawaka.in.gov\/es\/wp-json\/wp\/v2\/posts\/4906\/revisions"}],"wp:featuredmedia":[{"embeddable":true,"href":"https:\/\/mishawaka.in.gov\/es\/wp-json\/wp\/v2\/media\/4604"}],"wp:attachment":[{"href":"https:\/\/mishawaka.in.gov\/es\/wp-json\/wp\/v2\/media?parent=4906"}],"wp:term":[{"taxonomy":"category","embeddable":true,"href":"https:\/\/mishawaka.in.gov\/es\/wp-json\/wp\/v2\/categories?post=4906"},{"taxonomy":"post_tag","embeddable":true,"href":"https:\/\/mishawaka.in.gov\/es\/wp-json\/wp\/v2\/tags?post=4906"}],"curies":[{"name":"wp","href":"https:\/\/api.w.org\/{rel}","templated":true}]}}