{"id":8220,"date":"2024-06-07T14:31:12","date_gmt":"2024-06-07T18:31:12","guid":{"rendered":"https:\/\/mishawaka.in.gov\/?p=8220"},"modified":"2024-06-20T13:46:23","modified_gmt":"2024-06-20T17:46:23","slug":"el-viernes-porche-delantero-con-madera-mayor-fue-un-exito","status":"publish","type":"post","link":"https:\/\/mishawaka.in.gov\/es\/news\/front-porch-friday-with-mayor-wood-was-a-success\/","title":{"rendered":"\u00a1El viernes en el porche delantero con el alcalde Wood fue un \u00e9xito!"},"content":{"rendered":"<p><span data-contrast=\"none\">El viernes 7 de junio de 2024, el alcalde de Mishawaka, Dave Wood, organiz\u00f3 Front Porch Friday desde el mediod\u00eda hasta la 1:00 p.m. El evento se llev\u00f3 a cabo en el porche delantero de la oficina comercial de servicios p\u00fablicos de Mishawaka en 107 North Main Street, Mishawaka. El alcalde Wood esperaba reunirse individualmente con la gente de Mishawaka para conocer su experiencia de vida en la ciudad. Hacerlo durante Front Porch Friday es una forma pintoresca para que los ciudadanos se re\u00fanan con el alcalde Wood uno a uno.<\/span><span data-ccp-props=\"{&quot;201341983&quot;:0,&quot;335559739&quot;:160,&quot;335559740&quot;:279}\">\u00a0<\/span><\/p>\n<p><span data-contrast=\"none\">&quot;Los porches delanteros son tan estadounidenses como el pastel de manzana, y la historia del porche delantero estadounidense es, en cierto modo, tambi\u00e9n la historia del pueblo estadounidense&quot;, dice el alcalde Wood. &quot;Es un lugar para reunirse y experimentar la comunidad y tener conversaciones con familiares y amigos&quot;.<\/span><span data-ccp-props=\"{&quot;201341983&quot;:0,&quot;335559739&quot;:160,&quot;335559740&quot;:279}\">\u00a0<\/span><\/p>\n<p><span data-contrast=\"none\">Front Porch Friday tuvo una gran participaci\u00f3n de ciudadanos de todas las edades. El alcalde Wood estrech\u00f3 la mano de quienes vinieron a compartir sus historias. Cada persona fue acompa\u00f1ada personalmente por el alcalde Wood para sentarse junto a \u00e9l y comunicarle sus pensamientos sobre la vida en la ciudad. El alcalde Wood demostr\u00f3 su admiraci\u00f3n por la gente de Mishawaka y se sinti\u00f3 honrado de escuchar sus experiencias de primera mano.<\/span><span data-ccp-props=\"{&quot;201341983&quot;:0,&quot;335559739&quot;:160,&quot;335559740&quot;:279}\">\u00a0<\/span><\/p>\n<p><span data-contrast=\"none\">El alcalde Wood realmente se tom\u00f3 su tiempo para aprender todo lo que pudo de cada persona. Ya sea una ni\u00f1a preguntando sobre la detenci\u00f3n de mosquitos, una familia que defiende cu\u00e1nto aman los parques de Mishawaka o un caballero que habla de su amor por los servicios p\u00fablicos, el alcalde Wood se alegraba de escuchar a todas las personas sobre cualquier tema. El alcalde Wood incluso se qued\u00f3 30 minutos m\u00e1s despu\u00e9s de que Front Porch Friday concluy\u00f3 para hablar con una familia sobre cualquier tema. Es admirable ver a un alcalde tan dedicado a los ciudadanos de la ciudad.<\/span><span data-ccp-props=\"{&quot;201341983&quot;:0,&quot;335559739&quot;:160,&quot;335559740&quot;:279}\">\u00a0<\/span><\/p>\n<p><span data-contrast=\"none\">El alcalde Wood suele decir que &quot;alcalde&quot; es uno de los mejores t\u00edtulos en toda la pol\u00edtica porque el puesto de &quot;alcalde&quot; es exclusivo de la pol\u00edtica estadounidense. Un alcalde puede tener una visi\u00f3n, desarrollar planes, formar asociaciones, formar coaliciones y hacer cosas para el mejoramiento de la comunidad. El alcalde Wood lleva esa declaraci\u00f3n un paso m\u00e1s all\u00e1 y aboga por una mejor calidad de vida con la ayuda brindada por la gente de la comunidad.<\/span><\/p>\n<p>El alcalde Wood se sinti\u00f3 muy bendecido por haber recibido tantos comentarios de la comunidad. El alcalde Wood realmente se preocupa por la gente de Mishawaka y, a trav\u00e9s de las opiniones e ideas de la gente, el alcalde Wood continuar\u00e1 trabajando para mejorar nuestra comunidad y mejorar la calidad de vida.<\/p>\n<p><span data-ccp-props=\"{&quot;201341983&quot;:0,&quot;335559739&quot;:160,&quot;335559740&quot;:279}\">\u00a0<\/span><\/p>","protected":false},"excerpt":{"rendered":"<p>On Friday, June 7th, 2024, Mishawaka Mayor Dave Wood hosted Front Porch Friday from noon to 1:00 pm. The event was held on the front porch of the\u202fMishawaka Utilities Business [&hellip;]<\/p>\n","protected":false},"author":4,"featured_media":8223,"comment_status":"closed","ping_status":"closed","sticky":false,"template":"","format":"standard","meta":{"_acf_changed":false,"_price":"","_stock":"","_tribe_ticket_header":"","_tribe_default_ticket_provider":"","_tribe_ticket_capacity":"0","_ticket_start_date":"","_ticket_end_date":"","_tribe_ticket_show_description":"","_tribe_ticket_show_not_going":false,"_tribe_ticket_use_global_stock":"","_tribe_ticket_global_stock_level":"","_global_stock_mode":"","_global_stock_cap":"","_tribe_rsvp_for_event":"","_tribe_ticket_going_count":"","_tribe_ticket_not_going_count":"","_tribe_tickets_list":"[]","_tribe_ticket_has_attendee_info_fields":false,"footnotes":""},"categories":[18],"tags":[157,136,140,135,304],"class_list":["post-8220","post","type-post","status-publish","format-standard","has-post-thumbnail","hentry","category-news","tag-city-of-mishawaka","tag-city-of-mishawaka-community-engagement","tag-front-porch-friday","tag-mayor-dave-wood","tag-state-of-the-city"],"acf":[],"yoast_head":"<!-- This site is optimized with the Yoast SEO plugin v27.1.1 - https:\/\/yoast.com\/product\/yoast-seo-wordpress\/ -->\n<title>Front Porch Friday With Mayor Wood Was A Success! - City of Mishawaka<\/title>\n<meta name=\"description\" content=\"Mayor Wood hosted Front Porch Friday and had a great turnout. The people of Mishawaka shared their opinions and ideas for the city.\" \/>\n<meta name=\"robots\" content=\"index, follow, max-snippet:-1, max-image-preview:large, max-video-preview:-1\" \/>\n<link rel=\"canonical\" href=\"https:\/\/mishawaka.in.gov\/es\/noticias\/el-viernes-porche-delantero-con-madera-mayor-fue-un-exito\/\" \/>\n<meta property=\"og:locale\" content=\"es_ES\" \/>\n<meta property=\"og:type\" content=\"article\" \/>\n<meta property=\"og:title\" content=\"Front Porch Friday With Mayor Wood Was A Success! - City of Mishawaka\" \/>\n<meta property=\"og:description\" content=\"Mayor Wood hosted Front Porch Friday and had a great turnout. The people of Mishawaka shared their opinions and ideas for the city.\" \/>\n<meta property=\"og:url\" content=\"https:\/\/mishawaka.in.gov\/es\/noticias\/el-viernes-porche-delantero-con-madera-mayor-fue-un-exito\/\" \/>\n<meta property=\"og:site_name\" content=\"City of Mishawaka\" \/>\n<meta property=\"article:published_time\" content=\"2024-06-07T18:31:12+00:00\" \/>\n<meta property=\"article:modified_time\" content=\"2024-06-20T17:46:23+00:00\" \/>\n<meta property=\"og:image\" content=\"https:\/\/mishawaka.in.gov\/wp-content\/uploads\/2024\/06\/IMG_1766-scaled.jpeg\" \/>\n\t<meta property=\"og:image:width\" content=\"2560\" \/>\n\t<meta property=\"og:image:height\" content=\"1920\" \/>\n\t<meta property=\"og:image:type\" content=\"image\/jpeg\" \/>\n<meta name=\"author\" content=\"Matthew Lentsch\" \/>\n<meta name=\"twitter:card\" content=\"summary_large_image\" \/>\n<meta name=\"twitter:label1\" content=\"Escrito por\" \/>\n\t<meta name=\"twitter:data1\" content=\"Matthew Lentsch\" \/>\n\t<meta name=\"twitter:label2\" content=\"Tiempo de lectura\" \/>\n\t<meta name=\"twitter:data2\" content=\"2 minutos\" \/>\n<script type=\"application\/ld+json\" class=\"yoast-schema-graph\">{\"@context\":\"https:\/\/schema.org\",\"@graph\":[{\"@type\":\"Article\",\"@id\":\"https:\/\/mishawaka.in.gov\/news\/front-porch-friday-with-mayor-wood-was-a-success\/#article\",\"isPartOf\":{\"@id\":\"https:\/\/mishawaka.in.gov\/news\/front-porch-friday-with-mayor-wood-was-a-success\/\"},\"author\":{\"name\":\"Matthew Lentsch\",\"@id\":\"https:\/\/mishawaka.in.gov\/#\/schema\/person\/372ea246cc7c468adbe0baaaa95273e1\"},\"headline\":\"Front Porch Friday With Mayor Wood Was A Success!\",\"datePublished\":\"2024-06-07T18:31:12+00:00\",\"dateModified\":\"2024-06-20T17:46:23+00:00\",\"mainEntityOfPage\":{\"@id\":\"https:\/\/mishawaka.in.gov\/news\/front-porch-friday-with-mayor-wood-was-a-success\/\"},\"wordCount\":410,\"publisher\":{\"@id\":\"https:\/\/mishawaka.in.gov\/#organization\"},\"image\":{\"@id\":\"https:\/\/mishawaka.in.gov\/news\/front-porch-friday-with-mayor-wood-was-a-success\/#primaryimage\"},\"thumbnailUrl\":\"https:\/\/mishawaka.in.gov\/wp-content\/uploads\/2024\/06\/IMG_1766-scaled.jpeg\",\"keywords\":[\"City of Mishawaka\",\"City of Mishawaka Community engagement\",\"Front Porch Friday\",\"Mayor Dave Wood\",\"State of the City\"],\"articleSection\":[\"News\"],\"inLanguage\":\"es\"},{\"@type\":\"WebPage\",\"@id\":\"https:\/\/mishawaka.in.gov\/news\/front-porch-friday-with-mayor-wood-was-a-success\/\",\"url\":\"https:\/\/mishawaka.in.gov\/news\/front-porch-friday-with-mayor-wood-was-a-success\/\",\"name\":\"Front Porch Friday With Mayor Wood Was A Success! - City of Mishawaka\",\"isPartOf\":{\"@id\":\"https:\/\/mishawaka.in.gov\/#website\"},\"primaryImageOfPage\":{\"@id\":\"https:\/\/mishawaka.in.gov\/news\/front-porch-friday-with-mayor-wood-was-a-success\/#primaryimage\"},\"image\":{\"@id\":\"https:\/\/mishawaka.in.gov\/news\/front-porch-friday-with-mayor-wood-was-a-success\/#primaryimage\"},\"thumbnailUrl\":\"https:\/\/mishawaka.in.gov\/wp-content\/uploads\/2024\/06\/IMG_1766-scaled.jpeg\",\"datePublished\":\"2024-06-07T18:31:12+00:00\",\"dateModified\":\"2024-06-20T17:46:23+00:00\",\"description\":\"Mayor Wood hosted Front Porch Friday and had a great turnout. The people of Mishawaka shared their opinions and ideas for the city.\",\"breadcrumb\":{\"@id\":\"https:\/\/mishawaka.in.gov\/news\/front-porch-friday-with-mayor-wood-was-a-success\/#breadcrumb\"},\"inLanguage\":\"es\",\"potentialAction\":[{\"@type\":\"ReadAction\",\"target\":[\"https:\/\/mishawaka.in.gov\/news\/front-porch-friday-with-mayor-wood-was-a-success\/\"]}]},{\"@type\":\"ImageObject\",\"inLanguage\":\"es\",\"@id\":\"https:\/\/mishawaka.in.gov\/news\/front-porch-friday-with-mayor-wood-was-a-success\/#primaryimage\",\"url\":\"https:\/\/mishawaka.in.gov\/wp-content\/uploads\/2024\/06\/IMG_1766-scaled.jpeg\",\"contentUrl\":\"https:\/\/mishawaka.in.gov\/wp-content\/uploads\/2024\/06\/IMG_1766-scaled.jpeg\",\"width\":2560,\"height\":1920,\"caption\":\"Mayor Dave Wood sitting on a chair with a child.\"},{\"@type\":\"BreadcrumbList\",\"@id\":\"https:\/\/mishawaka.in.gov\/news\/front-porch-friday-with-mayor-wood-was-a-success\/#breadcrumb\",\"itemListElement\":[{\"@type\":\"ListItem\",\"position\":1,\"name\":\"Home\",\"item\":\"https:\/\/mishawaka.in.gov\/\"},{\"@type\":\"ListItem\",\"position\":2,\"name\":\"Front Porch Friday With Mayor Wood Was A Success!\"}]},{\"@type\":\"WebSite\",\"@id\":\"https:\/\/mishawaka.in.gov\/#website\",\"url\":\"https:\/\/mishawaka.in.gov\/\",\"name\":\"City of Mishawaka\",\"description\":\"The Best Hometown in America\",\"publisher\":{\"@id\":\"https:\/\/mishawaka.in.gov\/#organization\"},\"potentialAction\":[{\"@type\":\"SearchAction\",\"target\":{\"@type\":\"EntryPoint\",\"urlTemplate\":\"https:\/\/mishawaka.in.gov\/?s={search_term_string}\"},\"query-input\":{\"@type\":\"PropertyValueSpecification\",\"valueRequired\":true,\"valueName\":\"search_term_string\"}}],\"inLanguage\":\"es\"},{\"@type\":\"Organization\",\"@id\":\"https:\/\/mishawaka.in.gov\/#organization\",\"name\":\"City of Mishawaka\",\"url\":\"https:\/\/mishawaka.in.gov\/\",\"logo\":{\"@type\":\"ImageObject\",\"inLanguage\":\"es\",\"@id\":\"https:\/\/mishawaka.in.gov\/#\/schema\/logo\/image\/\",\"url\":\"\",\"contentUrl\":\"\",\"caption\":\"City of Mishawaka\"},\"image\":{\"@id\":\"https:\/\/mishawaka.in.gov\/#\/schema\/logo\/image\/\"}},{\"@type\":\"Person\",\"@id\":\"https:\/\/mishawaka.in.gov\/#\/schema\/person\/372ea246cc7c468adbe0baaaa95273e1\",\"name\":\"Matthew Lentsch\"}]}<\/script>\n<!-- \/ Yoast SEO plugin. -->","yoast_head_json":{"title":"\u00a1El viernes en el porche delantero con el alcalde Wood fue un \u00e9xito! - Ciudad de Mishawaka","description":"El alcalde Wood fue el anfitri\u00f3n de Front Porch el viernes y tuvo una gran participaci\u00f3n. La gente de Mishawaka comparti\u00f3 sus opiniones e ideas para la ciudad.","robots":{"index":"index","follow":"follow","max-snippet":"max-snippet:-1","max-image-preview":"max-image-preview:large","max-video-preview":"max-video-preview:-1"},"canonical":"https:\/\/mishawaka.in.gov\/es\/noticias\/el-viernes-porche-delantero-con-madera-mayor-fue-un-exito\/","og_locale":"es_ES","og_type":"article","og_title":"Front Porch Friday With Mayor Wood Was A Success! - City of Mishawaka","og_description":"Mayor Wood hosted Front Porch Friday and had a great turnout. The people of Mishawaka shared their opinions and ideas for the city.","og_url":"https:\/\/mishawaka.in.gov\/es\/noticias\/el-viernes-porche-delantero-con-madera-mayor-fue-un-exito\/","og_site_name":"City of Mishawaka","article_published_time":"2024-06-07T18:31:12+00:00","article_modified_time":"2024-06-20T17:46:23+00:00","og_image":[{"width":2560,"height":1920,"url":"https:\/\/mishawaka.in.gov\/wp-content\/uploads\/2024\/06\/IMG_1766-scaled.jpeg","type":"image\/jpeg"}],"author":"Matthew Lentsch","twitter_card":"summary_large_image","twitter_misc":{"Escrito por":"Matthew Lentsch","Tiempo de lectura":"2 minutos"},"schema":{"@context":"https:\/\/schema.org","@graph":[{"@type":"Article","@id":"https:\/\/mishawaka.in.gov\/news\/front-porch-friday-with-mayor-wood-was-a-success\/#article","isPartOf":{"@id":"https:\/\/mishawaka.in.gov\/news\/front-porch-friday-with-mayor-wood-was-a-success\/"},"author":{"name":"Matthew Lentsch","@id":"https:\/\/mishawaka.in.gov\/#\/schema\/person\/372ea246cc7c468adbe0baaaa95273e1"},"headline":"Front Porch Friday With Mayor Wood Was A Success!","datePublished":"2024-06-07T18:31:12+00:00","dateModified":"2024-06-20T17:46:23+00:00","mainEntityOfPage":{"@id":"https:\/\/mishawaka.in.gov\/news\/front-porch-friday-with-mayor-wood-was-a-success\/"},"wordCount":410,"publisher":{"@id":"https:\/\/mishawaka.in.gov\/#organization"},"image":{"@id":"https:\/\/mishawaka.in.gov\/news\/front-porch-friday-with-mayor-wood-was-a-success\/#primaryimage"},"thumbnailUrl":"https:\/\/mishawaka.in.gov\/wp-content\/uploads\/2024\/06\/IMG_1766-scaled.jpeg","keywords":["City of Mishawaka","City of Mishawaka Community engagement","Front Porch Friday","Mayor Dave Wood","State of the City"],"articleSection":["News"],"inLanguage":"es"},{"@type":"WebPage","@id":"https:\/\/mishawaka.in.gov\/news\/front-porch-friday-with-mayor-wood-was-a-success\/","url":"https:\/\/mishawaka.in.gov\/news\/front-porch-friday-with-mayor-wood-was-a-success\/","name":"\u00a1El viernes en el porche delantero con el alcalde Wood fue un \u00e9xito! - Ciudad de Mishawaka","isPartOf":{"@id":"https:\/\/mishawaka.in.gov\/#website"},"primaryImageOfPage":{"@id":"https:\/\/mishawaka.in.gov\/news\/front-porch-friday-with-mayor-wood-was-a-success\/#primaryimage"},"image":{"@id":"https:\/\/mishawaka.in.gov\/news\/front-porch-friday-with-mayor-wood-was-a-success\/#primaryimage"},"thumbnailUrl":"https:\/\/mishawaka.in.gov\/wp-content\/uploads\/2024\/06\/IMG_1766-scaled.jpeg","datePublished":"2024-06-07T18:31:12+00:00","dateModified":"2024-06-20T17:46:23+00:00","description":"El alcalde Wood fue el anfitri\u00f3n de Front Porch el viernes y tuvo una gran participaci\u00f3n. La gente de Mishawaka comparti\u00f3 sus opiniones e ideas para la ciudad.","breadcrumb":{"@id":"https:\/\/mishawaka.in.gov\/news\/front-porch-friday-with-mayor-wood-was-a-success\/#breadcrumb"},"inLanguage":"es","potentialAction":[{"@type":"ReadAction","target":["https:\/\/mishawaka.in.gov\/news\/front-porch-friday-with-mayor-wood-was-a-success\/"]}]},{"@type":"ImageObject","inLanguage":"es","@id":"https:\/\/mishawaka.in.gov\/news\/front-porch-friday-with-mayor-wood-was-a-success\/#primaryimage","url":"https:\/\/mishawaka.in.gov\/wp-content\/uploads\/2024\/06\/IMG_1766-scaled.jpeg","contentUrl":"https:\/\/mishawaka.in.gov\/wp-content\/uploads\/2024\/06\/IMG_1766-scaled.jpeg","width":2560,"height":1920,"caption":"Mayor Dave Wood sitting on a chair with a child."},{"@type":"BreadcrumbList","@id":"https:\/\/mishawaka.in.gov\/news\/front-porch-friday-with-mayor-wood-was-a-success\/#breadcrumb","itemListElement":[{"@type":"ListItem","position":1,"name":"Home","item":"https:\/\/mishawaka.in.gov\/"},{"@type":"ListItem","position":2,"name":"Front Porch Friday With Mayor Wood Was A Success!"}]},{"@type":"WebSite","@id":"https:\/\/mishawaka.in.gov\/#website","url":"https:\/\/mishawaka.in.gov\/","name":"Ciudad de Mishawaka","description":"La mejor ciudad natal de Am\u00e9rica","publisher":{"@id":"https:\/\/mishawaka.in.gov\/#organization"},"potentialAction":[{"@type":"SearchAction","target":{"@type":"EntryPoint","urlTemplate":"https:\/\/mishawaka.in.gov\/?s={search_term_string}"},"query-input":{"@type":"PropertyValueSpecification","valueRequired":true,"valueName":"search_term_string"}}],"inLanguage":"es"},{"@type":"Organization","@id":"https:\/\/mishawaka.in.gov\/#organization","name":"Ciudad de Mishawaka","url":"https:\/\/mishawaka.in.gov\/","logo":{"@type":"ImageObject","inLanguage":"es","@id":"https:\/\/mishawaka.in.gov\/#\/schema\/logo\/image\/","url":"","contentUrl":"","caption":"City of Mishawaka"},"image":{"@id":"https:\/\/mishawaka.in.gov\/#\/schema\/logo\/image\/"}},{"@type":"Person","@id":"https:\/\/mishawaka.in.gov\/#\/schema\/person\/372ea246cc7c468adbe0baaaa95273e1","name":"Mateo Lentsch"}]}},"_links":{"self":[{"href":"https:\/\/mishawaka.in.gov\/es\/wp-json\/wp\/v2\/posts\/8220","targetHints":{"allow":["GET"]}}],"collection":[{"href":"https:\/\/mishawaka.in.gov\/es\/wp-json\/wp\/v2\/posts"}],"about":[{"href":"https:\/\/mishawaka.in.gov\/es\/wp-json\/wp\/v2\/types\/post"}],"author":[{"embeddable":true,"href":"https:\/\/mishawaka.in.gov\/es\/wp-json\/wp\/v2\/users\/4"}],"replies":[{"embeddable":true,"href":"https:\/\/mishawaka.in.gov\/es\/wp-json\/wp\/v2\/comments?post=8220"}],"version-history":[{"count":0,"href":"https:\/\/mishawaka.in.gov\/es\/wp-json\/wp\/v2\/posts\/8220\/revisions"}],"wp:featuredmedia":[{"embeddable":true,"href":"https:\/\/mishawaka.in.gov\/es\/wp-json\/wp\/v2\/media\/8223"}],"wp:attachment":[{"href":"https:\/\/mishawaka.in.gov\/es\/wp-json\/wp\/v2\/media?parent=8220"}],"wp:term":[{"taxonomy":"category","embeddable":true,"href":"https:\/\/mishawaka.in.gov\/es\/wp-json\/wp\/v2\/categories?post=8220"},{"taxonomy":"post_tag","embeddable":true,"href":"https:\/\/mishawaka.in.gov\/es\/wp-json\/wp\/v2\/tags?post=8220"}],"curies":[{"name":"wp","href":"https:\/\/api.w.org\/{rel}","templated":true}]}}