{"id":8789,"date":"2024-08-15T14:13:25","date_gmt":"2024-08-15T18:13:25","guid":{"rendered":"https:\/\/mishawaka.in.gov\/?p=8789"},"modified":"2024-09-11T14:41:38","modified_gmt":"2024-09-11T18:41:38","slug":"el-alcalde-dave-wood-busca-la-opinion-de-la-comunidad","status":"publish","type":"post","link":"https:\/\/mishawaka.in.gov\/es\/noticias\/el-alcalde-dave-wood-busca-la-opinion-de-la-comunidad\/","title":{"rendered":"\u00a1El alcalde Dave Wood busca la opini\u00f3n de la comunidad!"},"content":{"rendered":"<p><b><span data-contrast=\"auto\">ALERTA A LOS MEDIOS<\/span><\/b><span data-contrast=\"auto\">\u00a0<\/span><span data-ccp-props=\"{&quot;134233117&quot;:false,&quot;134233118&quot;:false,&quot;201341983&quot;:0,&quot;335551550&quot;:0,&quot;335551620&quot;:0,&quot;335559738&quot;:240,&quot;335559739&quot;:240,&quot;335559740&quot;:279}\">\u00a0<\/span><\/p>\n<p><span data-contrast=\"auto\">Para obtener m\u00e1s informaci\u00f3n, comun\u00edquese con el alcalde Dave Wood al 574-258-1601 o con el director ejecutivo de Desarrollo y Asuntos Gubernamentales, Matthew Lentsch, al 574-258-1635.<\/span><span data-ccp-props=\"{&quot;134233117&quot;:false,&quot;134233118&quot;:false,&quot;201341983&quot;:0,&quot;335551550&quot;:0,&quot;335551620&quot;:0,&quot;335559738&quot;:240,&quot;335559739&quot;:240,&quot;335559740&quot;:279}\">\u00a0<\/span><\/p>\n<p><b><span data-contrast=\"auto\">El Front Porch Friday con el alcalde Dave Wood est\u00e1 programado para este viernes 13 de septiembre desde el mediod\u00eda hasta la 1:00 p.m.<\/span><\/b><span data-contrast=\"auto\">\u00a0<\/span><span data-ccp-props=\"{&quot;134233117&quot;:false,&quot;134233118&quot;:false,&quot;201341983&quot;:0,&quot;335551550&quot;:0,&quot;335551620&quot;:0,&quot;335559738&quot;:240,&quot;335559739&quot;:240,&quot;335559740&quot;:279}\">\u00a0<\/span><\/p>\n<p><b><span data-contrast=\"auto\">Qu\u00e9: <\/span><\/b><span data-contrast=\"auto\">Viernes en el porche delantero con el alcalde Dave Wood.<\/span><span data-ccp-props=\"{&quot;134233117&quot;:false,&quot;134233118&quot;:false,&quot;201341983&quot;:0,&quot;335551550&quot;:0,&quot;335551620&quot;:0,&quot;335559738&quot;:240,&quot;335559739&quot;:240,&quot;335559740&quot;:279}\">\u00a0<\/span><\/p>\n<p><b><span data-contrast=\"auto\">Cuando:<\/span><\/b><span data-contrast=\"auto\"> Viernes 13 de septiembre de 2024, de 12 a 13 horas. \u00a0<\/span><span data-ccp-props=\"{&quot;134233117&quot;:false,&quot;134233118&quot;:false,&quot;201341983&quot;:0,&quot;335551550&quot;:0,&quot;335551620&quot;:0,&quot;335559738&quot;:240,&quot;335559739&quot;:240,&quot;335559740&quot;:279}\">\u00a0<\/span><\/p>\n<p><b><span data-contrast=\"auto\">D\u00f3nde: <\/span><\/b><span data-contrast=\"auto\">El evento se llevar\u00e1 a cabo en el porche delantero de la oficina comercial de servicios p\u00fablicos de Mishawaka en 107 North Main Street, Mishawaka.\u00a0<\/span><span data-ccp-props=\"{&quot;134233117&quot;:false,&quot;134233118&quot;:false,&quot;201341983&quot;:0,&quot;335551550&quot;:0,&quot;335551620&quot;:0,&quot;335559738&quot;:240,&quot;335559739&quot;:240,&quot;335559740&quot;:279}\">\u00a0<\/span><\/p>\n<p><b><span data-contrast=\"auto\">Fondo: <\/span><\/b><span data-contrast=\"auto\">El alcalde Wood suele decir que el t\u00edtulo m\u00e1s alto y mejor en toda la pol\u00edtica es el de &quot;alcalde&quot;.  El trabajo de un alcalde es \u00fanico en la pol\u00edtica estadounidense en el sentido de que uno puede tener una visi\u00f3n, desarrollar planes, formar asociaciones, formar coaliciones y hacer cosas para el mejoramiento de la comunidad.<\/span><span data-ccp-props=\"{&quot;134233117&quot;:false,&quot;134233118&quot;:false,&quot;201341983&quot;:0,&quot;335551550&quot;:0,&quot;335551620&quot;:0,&quot;335559738&quot;:0,&quot;335559739&quot;:0,&quot;335559740&quot;:279}\">\u00a0<\/span><\/p>\n<p><span data-contrast=\"auto\">Dado que los servicios proporcionados por el gobierno local son los que m\u00e1s sienten o dependen los residentes de la ciudad, un alcalde puede tener un impacto significativo en la calidad de vida de una comunidad mucho m\u00e1s que cualquier otro pol\u00edtico en cualquier nivel de gobierno.  Los alcaldes logran hacer las cosas, pero s\u00f3lo cuando reciben comentarios de los ciudadanos de su comunidad.<\/span><span data-ccp-props=\"{&quot;134233117&quot;:false,&quot;134233118&quot;:false,&quot;201341983&quot;:0,&quot;335551550&quot;:0,&quot;335551620&quot;:0,&quot;335559738&quot;:0,&quot;335559739&quot;:0,&quot;335559740&quot;:279}\">\u00a0<\/span><\/p>\n<p><span data-contrast=\"auto\">La mayor\u00eda de los servidores p\u00fablicos a nivel local, independientemente del partido, se involucran en servir, resolver problemas y marcar la diferencia.<\/span><span data-ccp-props=\"{&quot;134233117&quot;:false,&quot;134233118&quot;:false,&quot;201341983&quot;:0,&quot;335551550&quot;:0,&quot;335551620&quot;:0,&quot;335559738&quot;:0,&quot;335559739&quot;:0,&quot;335559740&quot;:279}\">\u00a0<\/span><\/p>\n<p><span data-contrast=\"auto\">Para servir a los ciudadanos de Mishawaka, el alcalde Dave Wood quiere tener una conversaci\u00f3n comunitaria y escucharlo de la manera m\u00e1s efectiva.<\/span><span data-ccp-props=\"{&quot;134233117&quot;:false,&quot;134233118&quot;:false,&quot;201341983&quot;:0,&quot;335551550&quot;:0,&quot;335551620&quot;:0,&quot;335559738&quot;:0,&quot;335559739&quot;:0,&quot;335559740&quot;:279}\">\u00a0<\/span><\/p>","protected":false},"excerpt":{"rendered":"<p>MEDIA ALERT\u00a0\u00a0 For further information contact Mayor Dave Wood at 574-258-1601 or Executive Director, Development &amp; Governmental Affairs, Matthew Lentsch at 574-258-1635\u00a0 Front Porch Friday with Mayor Dave Wood is [&hellip;]<\/p>\n","protected":false},"author":4,"featured_media":8592,"comment_status":"closed","ping_status":"closed","sticky":false,"template":"","format":"standard","meta":{"_acf_changed":false,"_price":"","_stock":"","_tribe_ticket_header":"","_tribe_default_ticket_provider":"","_tribe_ticket_capacity":"0","_ticket_start_date":"","_ticket_end_date":"","_tribe_ticket_show_description":"","_tribe_ticket_show_not_going":false,"_tribe_ticket_use_global_stock":"","_tribe_ticket_global_stock_level":"","_global_stock_mode":"","_global_stock_cap":"","_tribe_rsvp_for_event":"","_tribe_ticket_going_count":"","_tribe_ticket_not_going_count":"","_tribe_tickets_list":"[]","_tribe_ticket_has_attendee_info_fields":false,"footnotes":""},"categories":[18],"tags":[157,136,140,135,304],"class_list":["post-8789","post","type-post","status-publish","format-standard","has-post-thumbnail","hentry","category-news","tag-city-of-mishawaka","tag-city-of-mishawaka-community-engagement","tag-front-porch-friday","tag-mayor-dave-wood","tag-state-of-the-city"],"acf":[],"yoast_head":"<!-- This site is optimized with the Yoast SEO plugin v27.1.1 - https:\/\/yoast.com\/product\/yoast-seo-wordpress\/ -->\n<title>Mayor Dave Wood Seeks The Community&#039;s Feedback! - City of Mishawaka<\/title>\n<meta name=\"description\" content=\"On August 16th from noon to 1 pm, Mayor Dave Wood will be hosting Front Porch Friday at the Mishawaka Utilities Business Office.\" \/>\n<meta name=\"robots\" content=\"index, follow, max-snippet:-1, max-image-preview:large, max-video-preview:-1\" \/>\n<link rel=\"canonical\" href=\"https:\/\/mishawaka.in.gov\/es\/noticias\/el-alcalde-dave-wood-busca-la-opinion-de-la-comunidad\/\" \/>\n<meta property=\"og:locale\" content=\"es_ES\" \/>\n<meta property=\"og:type\" content=\"article\" \/>\n<meta property=\"og:title\" content=\"Mayor Dave Wood Seeks The Community&#039;s Feedback! - City of Mishawaka\" \/>\n<meta property=\"og:description\" content=\"On August 16th from noon to 1 pm, Mayor Dave Wood will be hosting Front Porch Friday at the Mishawaka Utilities Business Office.\" \/>\n<meta property=\"og:url\" content=\"https:\/\/mishawaka.in.gov\/es\/noticias\/el-alcalde-dave-wood-busca-la-opinion-de-la-comunidad\/\" \/>\n<meta property=\"og:site_name\" content=\"City of Mishawaka\" \/>\n<meta property=\"article:published_time\" content=\"2024-08-15T18:13:25+00:00\" \/>\n<meta property=\"article:modified_time\" content=\"2024-09-11T18:41:38+00:00\" \/>\n<meta property=\"og:image\" content=\"https:\/\/mishawaka.in.gov\/wp-content\/uploads\/2024\/07\/IMG_2506-scaled.jpg\" \/>\n\t<meta property=\"og:image:width\" content=\"2560\" \/>\n\t<meta property=\"og:image:height\" content=\"1920\" \/>\n\t<meta property=\"og:image:type\" content=\"image\/jpeg\" \/>\n<meta name=\"author\" content=\"Matthew Lentsch\" \/>\n<meta name=\"twitter:card\" content=\"summary_large_image\" \/>\n<meta name=\"twitter:label1\" content=\"Escrito por\" \/>\n\t<meta name=\"twitter:data1\" content=\"Matthew Lentsch\" \/>\n\t<meta name=\"twitter:label2\" content=\"Tiempo de lectura\" \/>\n\t<meta name=\"twitter:data2\" content=\"2 minutos\" \/>\n<script type=\"application\/ld+json\" class=\"yoast-schema-graph\">{\"@context\":\"https:\/\/schema.org\",\"@graph\":[{\"@type\":\"Article\",\"@id\":\"https:\/\/mishawaka.in.gov\/news\/mayor-dave-wood-seeks-the-communitys-feedback\/#article\",\"isPartOf\":{\"@id\":\"https:\/\/mishawaka.in.gov\/news\/mayor-dave-wood-seeks-the-communitys-feedback\/\"},\"author\":{\"name\":\"Matthew Lentsch\",\"@id\":\"https:\/\/mishawaka.in.gov\/#\/schema\/person\/372ea246cc7c468adbe0baaaa95273e1\"},\"headline\":\"Mayor Dave Wood Seeks The Community&#8217;s Feedback!\",\"datePublished\":\"2024-08-15T18:13:25+00:00\",\"dateModified\":\"2024-09-11T18:41:38+00:00\",\"mainEntityOfPage\":{\"@id\":\"https:\/\/mishawaka.in.gov\/news\/mayor-dave-wood-seeks-the-communitys-feedback\/\"},\"wordCount\":239,\"publisher\":{\"@id\":\"https:\/\/mishawaka.in.gov\/#organization\"},\"image\":{\"@id\":\"https:\/\/mishawaka.in.gov\/news\/mayor-dave-wood-seeks-the-communitys-feedback\/#primaryimage\"},\"thumbnailUrl\":\"https:\/\/mishawaka.in.gov\/wp-content\/uploads\/2024\/07\/IMG_2506-scaled.jpg\",\"keywords\":[\"City of Mishawaka\",\"City of Mishawaka Community engagement\",\"Front Porch Friday\",\"Mayor Dave Wood\",\"State of the City\"],\"articleSection\":[\"News\"],\"inLanguage\":\"es\"},{\"@type\":\"WebPage\",\"@id\":\"https:\/\/mishawaka.in.gov\/news\/mayor-dave-wood-seeks-the-communitys-feedback\/\",\"url\":\"https:\/\/mishawaka.in.gov\/news\/mayor-dave-wood-seeks-the-communitys-feedback\/\",\"name\":\"Mayor Dave Wood Seeks The Community's Feedback! - City of Mishawaka\",\"isPartOf\":{\"@id\":\"https:\/\/mishawaka.in.gov\/#website\"},\"primaryImageOfPage\":{\"@id\":\"https:\/\/mishawaka.in.gov\/news\/mayor-dave-wood-seeks-the-communitys-feedback\/#primaryimage\"},\"image\":{\"@id\":\"https:\/\/mishawaka.in.gov\/news\/mayor-dave-wood-seeks-the-communitys-feedback\/#primaryimage\"},\"thumbnailUrl\":\"https:\/\/mishawaka.in.gov\/wp-content\/uploads\/2024\/07\/IMG_2506-scaled.jpg\",\"datePublished\":\"2024-08-15T18:13:25+00:00\",\"dateModified\":\"2024-09-11T18:41:38+00:00\",\"description\":\"On August 16th from noon to 1 pm, Mayor Dave Wood will be hosting Front Porch Friday at the Mishawaka Utilities Business Office.\",\"breadcrumb\":{\"@id\":\"https:\/\/mishawaka.in.gov\/news\/mayor-dave-wood-seeks-the-communitys-feedback\/#breadcrumb\"},\"inLanguage\":\"es\",\"potentialAction\":[{\"@type\":\"ReadAction\",\"target\":[\"https:\/\/mishawaka.in.gov\/news\/mayor-dave-wood-seeks-the-communitys-feedback\/\"]}]},{\"@type\":\"ImageObject\",\"inLanguage\":\"es\",\"@id\":\"https:\/\/mishawaka.in.gov\/news\/mayor-dave-wood-seeks-the-communitys-feedback\/#primaryimage\",\"url\":\"https:\/\/mishawaka.in.gov\/wp-content\/uploads\/2024\/07\/IMG_2506-scaled.jpg\",\"contentUrl\":\"https:\/\/mishawaka.in.gov\/wp-content\/uploads\/2024\/07\/IMG_2506-scaled.jpg\",\"width\":2560,\"height\":1920,\"caption\":\"Mayor Dave Wood with a family.\"},{\"@type\":\"BreadcrumbList\",\"@id\":\"https:\/\/mishawaka.in.gov\/news\/mayor-dave-wood-seeks-the-communitys-feedback\/#breadcrumb\",\"itemListElement\":[{\"@type\":\"ListItem\",\"position\":1,\"name\":\"Home\",\"item\":\"https:\/\/mishawaka.in.gov\/\"},{\"@type\":\"ListItem\",\"position\":2,\"name\":\"Mayor Dave Wood Seeks The Community&#8217;s Feedback!\"}]},{\"@type\":\"WebSite\",\"@id\":\"https:\/\/mishawaka.in.gov\/#website\",\"url\":\"https:\/\/mishawaka.in.gov\/\",\"name\":\"City of Mishawaka\",\"description\":\"The Best Hometown in America\",\"publisher\":{\"@id\":\"https:\/\/mishawaka.in.gov\/#organization\"},\"potentialAction\":[{\"@type\":\"SearchAction\",\"target\":{\"@type\":\"EntryPoint\",\"urlTemplate\":\"https:\/\/mishawaka.in.gov\/?s={search_term_string}\"},\"query-input\":{\"@type\":\"PropertyValueSpecification\",\"valueRequired\":true,\"valueName\":\"search_term_string\"}}],\"inLanguage\":\"es\"},{\"@type\":\"Organization\",\"@id\":\"https:\/\/mishawaka.in.gov\/#organization\",\"name\":\"City of Mishawaka\",\"url\":\"https:\/\/mishawaka.in.gov\/\",\"logo\":{\"@type\":\"ImageObject\",\"inLanguage\":\"es\",\"@id\":\"https:\/\/mishawaka.in.gov\/#\/schema\/logo\/image\/\",\"url\":\"\",\"contentUrl\":\"\",\"caption\":\"City of Mishawaka\"},\"image\":{\"@id\":\"https:\/\/mishawaka.in.gov\/#\/schema\/logo\/image\/\"}},{\"@type\":\"Person\",\"@id\":\"https:\/\/mishawaka.in.gov\/#\/schema\/person\/372ea246cc7c468adbe0baaaa95273e1\",\"name\":\"Matthew Lentsch\"}]}<\/script>\n<!-- \/ Yoast SEO plugin. -->","yoast_head_json":{"title":"\u00a1El alcalde Dave Wood busca la opini\u00f3n de la comunidad! - Ciudad de Mishawaka","description":"El 16 de agosto, desde el mediod\u00eda hasta la 1 p. m., el alcalde Dave Wood ser\u00e1 el anfitri\u00f3n de Front Porch Friday en la oficina comercial de servicios p\u00fablicos de Mishawaka.","robots":{"index":"index","follow":"follow","max-snippet":"max-snippet:-1","max-image-preview":"max-image-preview:large","max-video-preview":"max-video-preview:-1"},"canonical":"https:\/\/mishawaka.in.gov\/es\/noticias\/el-alcalde-dave-wood-busca-la-opinion-de-la-comunidad\/","og_locale":"es_ES","og_type":"article","og_title":"Mayor Dave Wood Seeks The Community's Feedback! - City of Mishawaka","og_description":"On August 16th from noon to 1 pm, Mayor Dave Wood will be hosting Front Porch Friday at the Mishawaka Utilities Business Office.","og_url":"https:\/\/mishawaka.in.gov\/es\/noticias\/el-alcalde-dave-wood-busca-la-opinion-de-la-comunidad\/","og_site_name":"City of Mishawaka","article_published_time":"2024-08-15T18:13:25+00:00","article_modified_time":"2024-09-11T18:41:38+00:00","og_image":[{"width":2560,"height":1920,"url":"https:\/\/mishawaka.in.gov\/wp-content\/uploads\/2024\/07\/IMG_2506-scaled.jpg","type":"image\/jpeg"}],"author":"Matthew Lentsch","twitter_card":"summary_large_image","twitter_misc":{"Escrito por":"Matthew Lentsch","Tiempo de lectura":"2 minutos"},"schema":{"@context":"https:\/\/schema.org","@graph":[{"@type":"Article","@id":"https:\/\/mishawaka.in.gov\/news\/mayor-dave-wood-seeks-the-communitys-feedback\/#article","isPartOf":{"@id":"https:\/\/mishawaka.in.gov\/news\/mayor-dave-wood-seeks-the-communitys-feedback\/"},"author":{"name":"Matthew Lentsch","@id":"https:\/\/mishawaka.in.gov\/#\/schema\/person\/372ea246cc7c468adbe0baaaa95273e1"},"headline":"Mayor Dave Wood Seeks The Community&#8217;s Feedback!","datePublished":"2024-08-15T18:13:25+00:00","dateModified":"2024-09-11T18:41:38+00:00","mainEntityOfPage":{"@id":"https:\/\/mishawaka.in.gov\/news\/mayor-dave-wood-seeks-the-communitys-feedback\/"},"wordCount":239,"publisher":{"@id":"https:\/\/mishawaka.in.gov\/#organization"},"image":{"@id":"https:\/\/mishawaka.in.gov\/news\/mayor-dave-wood-seeks-the-communitys-feedback\/#primaryimage"},"thumbnailUrl":"https:\/\/mishawaka.in.gov\/wp-content\/uploads\/2024\/07\/IMG_2506-scaled.jpg","keywords":["City of Mishawaka","City of Mishawaka Community engagement","Front Porch Friday","Mayor Dave Wood","State of the City"],"articleSection":["News"],"inLanguage":"es"},{"@type":"WebPage","@id":"https:\/\/mishawaka.in.gov\/news\/mayor-dave-wood-seeks-the-communitys-feedback\/","url":"https:\/\/mishawaka.in.gov\/news\/mayor-dave-wood-seeks-the-communitys-feedback\/","name":"\u00a1El alcalde Dave Wood busca la opini\u00f3n de la comunidad! - Ciudad de Mishawaka","isPartOf":{"@id":"https:\/\/mishawaka.in.gov\/#website"},"primaryImageOfPage":{"@id":"https:\/\/mishawaka.in.gov\/news\/mayor-dave-wood-seeks-the-communitys-feedback\/#primaryimage"},"image":{"@id":"https:\/\/mishawaka.in.gov\/news\/mayor-dave-wood-seeks-the-communitys-feedback\/#primaryimage"},"thumbnailUrl":"https:\/\/mishawaka.in.gov\/wp-content\/uploads\/2024\/07\/IMG_2506-scaled.jpg","datePublished":"2024-08-15T18:13:25+00:00","dateModified":"2024-09-11T18:41:38+00:00","description":"El 16 de agosto, desde el mediod\u00eda hasta la 1 p. m., el alcalde Dave Wood ser\u00e1 el anfitri\u00f3n de Front Porch Friday en la oficina comercial de servicios p\u00fablicos de Mishawaka.","breadcrumb":{"@id":"https:\/\/mishawaka.in.gov\/news\/mayor-dave-wood-seeks-the-communitys-feedback\/#breadcrumb"},"inLanguage":"es","potentialAction":[{"@type":"ReadAction","target":["https:\/\/mishawaka.in.gov\/news\/mayor-dave-wood-seeks-the-communitys-feedback\/"]}]},{"@type":"ImageObject","inLanguage":"es","@id":"https:\/\/mishawaka.in.gov\/news\/mayor-dave-wood-seeks-the-communitys-feedback\/#primaryimage","url":"https:\/\/mishawaka.in.gov\/wp-content\/uploads\/2024\/07\/IMG_2506-scaled.jpg","contentUrl":"https:\/\/mishawaka.in.gov\/wp-content\/uploads\/2024\/07\/IMG_2506-scaled.jpg","width":2560,"height":1920,"caption":"Mayor Dave Wood with a family."},{"@type":"BreadcrumbList","@id":"https:\/\/mishawaka.in.gov\/news\/mayor-dave-wood-seeks-the-communitys-feedback\/#breadcrumb","itemListElement":[{"@type":"ListItem","position":1,"name":"Home","item":"https:\/\/mishawaka.in.gov\/"},{"@type":"ListItem","position":2,"name":"Mayor Dave Wood Seeks The Community&#8217;s Feedback!"}]},{"@type":"WebSite","@id":"https:\/\/mishawaka.in.gov\/#website","url":"https:\/\/mishawaka.in.gov\/","name":"Ciudad de Mishawaka","description":"La mejor ciudad natal de Am\u00e9rica","publisher":{"@id":"https:\/\/mishawaka.in.gov\/#organization"},"potentialAction":[{"@type":"SearchAction","target":{"@type":"EntryPoint","urlTemplate":"https:\/\/mishawaka.in.gov\/?s={search_term_string}"},"query-input":{"@type":"PropertyValueSpecification","valueRequired":true,"valueName":"search_term_string"}}],"inLanguage":"es"},{"@type":"Organization","@id":"https:\/\/mishawaka.in.gov\/#organization","name":"Ciudad de Mishawaka","url":"https:\/\/mishawaka.in.gov\/","logo":{"@type":"ImageObject","inLanguage":"es","@id":"https:\/\/mishawaka.in.gov\/#\/schema\/logo\/image\/","url":"","contentUrl":"","caption":"City of Mishawaka"},"image":{"@id":"https:\/\/mishawaka.in.gov\/#\/schema\/logo\/image\/"}},{"@type":"Person","@id":"https:\/\/mishawaka.in.gov\/#\/schema\/person\/372ea246cc7c468adbe0baaaa95273e1","name":"Mateo Lentsch"}]}},"_links":{"self":[{"href":"https:\/\/mishawaka.in.gov\/es\/wp-json\/wp\/v2\/posts\/8789","targetHints":{"allow":["GET"]}}],"collection":[{"href":"https:\/\/mishawaka.in.gov\/es\/wp-json\/wp\/v2\/posts"}],"about":[{"href":"https:\/\/mishawaka.in.gov\/es\/wp-json\/wp\/v2\/types\/post"}],"author":[{"embeddable":true,"href":"https:\/\/mishawaka.in.gov\/es\/wp-json\/wp\/v2\/users\/4"}],"replies":[{"embeddable":true,"href":"https:\/\/mishawaka.in.gov\/es\/wp-json\/wp\/v2\/comments?post=8789"}],"version-history":[{"count":0,"href":"https:\/\/mishawaka.in.gov\/es\/wp-json\/wp\/v2\/posts\/8789\/revisions"}],"wp:featuredmedia":[{"embeddable":true,"href":"https:\/\/mishawaka.in.gov\/es\/wp-json\/wp\/v2\/media\/8592"}],"wp:attachment":[{"href":"https:\/\/mishawaka.in.gov\/es\/wp-json\/wp\/v2\/media?parent=8789"}],"wp:term":[{"taxonomy":"category","embeddable":true,"href":"https:\/\/mishawaka.in.gov\/es\/wp-json\/wp\/v2\/categories?post=8789"},{"taxonomy":"post_tag","embeddable":true,"href":"https:\/\/mishawaka.in.gov\/es\/wp-json\/wp\/v2\/tags?post=8789"}],"curies":[{"name":"wp","href":"https:\/\/api.w.org\/{rel}","templated":true}]}}